{"id":345,"date":"2026-02-02T00:35:37","date_gmt":"2026-02-02T00:35:37","guid":{"rendered":"https:\/\/shwebdesigner.com\/psicologo\/?p=345"},"modified":"2026-02-02T00:44:53","modified_gmt":"2026-02-02T00:44:53","slug":"a-importancia-do-autocuidado-emocional","status":"publish","type":"post","link":"https:\/\/shwebdesigner.com\/psicologo\/a-importancia-do-autocuidado-emocional\/","title":{"rendered":"A import\u00e2ncia do autocuidado emocional"},"content":{"rendered":"\n<p>O autocuidado emocional vai al\u00e9m de momentos de lazer. Ele envolve reconhecer sentimentos, respeitar limites e cuidar da sa\u00fade mental no dia a dia.<\/p>\n\n\n\n<p>Pr\u00e1ticas simples como manter uma rotina equilibrada, expressar emo\u00e7\u00f5es, dizer n\u00e3o quando necess\u00e1rio e buscar apoio profissional fazem parte desse processo. Cuidar das emo\u00e7\u00f5es \u00e9 um ato de responsabilidade consigo mesmo.<\/p>\n\n\n\n<p>Investir no autocuidado emocional contribui para rela\u00e7\u00f5es mais saud\u00e1veis, maior equil\u00edbrio e melhor qualidade de vida.<\/p>\n","protected":false},"excerpt":{"rendered":"<p>O autocuidado emocional vai al\u00e9m de momentos de lazer. Ele envolve reconhecer sentimentos, respeitar limites e cuidar da sa\u00fade mental no dia a dia. Pr\u00e1ticas simples como manter uma rotina equilibrada, expressar emo\u00e7\u00f5es, dizer n\u00e3o quando necess\u00e1rio e buscar apoio profissional fazem parte desse processo. Cuidar das emo\u00e7\u00f5es \u00e9 um ato de responsabilidade consigo mesmo. Investir no autocuidado emocional contribui para rela\u00e7\u00f5es mais saud\u00e1veis, maior equil\u00edbrio e melhor qualidade de vida.<\/p>\n","protected":false},"author":1,"featured_media":343,"comment_status":"open","ping_status":"open","sticky":false,"template":"","format":"standard","meta":{"footnotes":""},"categories":[10],"tags":[],"class_list":["post-345","post","type-post","status-publish","format-standard","has-post-thumbnail","hentry","category-autocuidado"],"_links":{"self":[{"href":"https:\/\/shwebdesigner.com\/psicologo\/wp-json\/wp\/v2\/posts\/345","targetHints":{"allow":["GET"]}}],"collection":[{"href":"https:\/\/shwebdesigner.com\/psicologo\/wp-json\/wp\/v2\/posts"}],"about":[{"href":"https:\/\/shwebdesigner.com\/psicologo\/wp-json\/wp\/v2\/types\/post"}],"author":[{"embeddable":true,"href":"https:\/\/shwebdesigner.com\/psicologo\/wp-json\/wp\/v2\/users\/1"}],"replies":[{"embeddable":true,"href":"https:\/\/shwebdesigner.com\/psicologo\/wp-json\/wp\/v2\/comments?post=345"}],"version-history":[{"count":1,"href":"https:\/\/shwebdesigner.com\/psicologo\/wp-json\/wp\/v2\/posts\/345\/revisions"}],"predecessor-version":[{"id":346,"href":"https:\/\/shwebdesigner.com\/psicologo\/wp-json\/wp\/v2\/posts\/345\/revisions\/346"}],"wp:featuredmedia":[{"embeddable":true,"href":"https:\/\/shwebdesigner.com\/psicologo\/wp-json\/wp\/v2\/media\/343"}],"wp:attachment":[{"href":"https:\/\/shwebdesigner.com\/psicologo\/wp-json\/wp\/v2\/media?parent=345"}],"wp:term":[{"taxonomy":"category","embeddable":true,"href":"https:\/\/shwebdesigner.com\/psicologo\/wp-json\/wp\/v2\/categories?post=345"},{"taxonomy":"post_tag","embeddable":true,"href":"https:\/\/shwebdesigner.com\/psicologo\/wp-json\/wp\/v2\/tags?post=345"}],"curies":[{"name":"wp","href":"https:\/\/api.w.org\/{rel}","templated":true}]}}